{"id":5661,"date":"2022-09-22T12:52:51","date_gmt":"2022-09-22T19:52:51","guid":{"rendered":"https:\/\/sesd-district-digest.org\/?p=5661"},"modified":"2022-09-22T12:52:51","modified_gmt":"2022-09-22T19:52:51","slug":"ssd-da-la-bienvenida-a-nuevas-caras-en-los-roles-de-administradores","status":"publish","type":"post","link":"https:\/\/sesd-district-digest.org\/es\/ssd-da-la-bienvenida-a-nuevas-caras-en-los-roles-de-administradores\/","title":{"rendered":"SSD da la bienvenida a nuevas caras en los roles de administradores"},"content":{"rendered":"<p>\u00a1El a\u00f1o escolar 2022-2023 trae un nuevo director y nuevos subdirectores a SMS, Lakewood, y Ellis!<\/p>\n<p><a href=\"https:\/\/sesd-district-digest.org\/wp-content\/uploads\/2022\/09\/Resized_20220909_135844-e1663281925657.jpeg\"><img decoding=\"async\" class=\"alignleft wp-image-5584\" src=\"https:\/\/sesd-district-digest.org\/wp-content\/uploads\/2022\/09\/Resized_20220909_135844-169x300.jpeg\" alt=\"\" width=\"129\" height=\"229\" srcset=\"https:\/\/sesd-district-digest.org\/wp-content\/uploads\/2022\/09\/Resized_20220909_135844-169x300.jpeg 169w, https:\/\/sesd-district-digest.org\/wp-content\/uploads\/2022\/09\/Resized_20220909_135844-576x1024.jpeg 576w, https:\/\/sesd-district-digest.org\/wp-content\/uploads\/2022\/09\/Resized_20220909_135844-768x1365.jpeg 768w, https:\/\/sesd-district-digest.org\/wp-content\/uploads\/2022\/09\/Resized_20220909_135844-864x1536.jpeg 864w, https:\/\/sesd-district-digest.org\/wp-content\/uploads\/2022\/09\/Resized_20220909_135844-1152x2048.jpeg 1152w, https:\/\/sesd-district-digest.org\/wp-content\/uploads\/2022\/09\/Resized_20220909_135844.jpeg 1440w\" sizes=\"(max-width: 129px) 100vw, 129px\" \/><\/a><\/p>\n<p>&nbsp;<\/p>\n<p>Este a\u00f1o damos la bienvenida a Vince Iwasaki como el nuevo director de Sunnyvale Middle School. Se une al distrito como un l\u00edder educativo experimentado de Alum Rock Elementary School District con m\u00e1s de 10 a\u00f1os de experiencia administrativa en el plantel. Anteriormente fue director de la Academia Renacimiento en Mathson. Se desempe\u00f1\u00f3 como director y subdirector en Alum Rock y tambi\u00e9n posee ocho a\u00f1os de experiencia en la ense\u00f1anza de la escuela media en matem\u00e1ticas y ciencias. Recibi\u00f3 su credencial de ense\u00f1anza y su maestr\u00eda en Liderazgo Educativo de San Jos\u00e9 State, y obtuvo una licenciatura en Ingenier\u00eda Mec\u00e1nica de la Universidad de Stanford.<\/p>\n<p>Vince sustituye a la directora interina Jane Chen, quien pasar\u00e1 a desempe\u00f1ar un papel en el Departamento de Instrucci\u00f3n como subdirectora en asignaci\u00f3n especial en la oficina del distrito, apoyar\u00e1 las matem\u00e1ticas y las ciencias. Gracias a Jane por sus cuatro a\u00f1os de desempe\u00f1o como administradora del plantel en Sunnyvale Middle School, especialmente por su liderazgo guiando a la escuela este \u00faltimo a\u00f1o.<\/p>\n<p>&nbsp;<\/p>\n<p>&nbsp;<\/p>\n<p><a href=\"https:\/\/sesd-district-digest.org\/wp-content\/uploads\/2022\/09\/Resized_20220913_085053.jpeg\"><img decoding=\"async\" class=\"alignleft wp-image-5582\" src=\"https:\/\/sesd-district-digest.org\/wp-content\/uploads\/2022\/09\/Resized_20220913_085053-169x300.jpeg\" alt=\"\" width=\"128\" height=\"227\" srcset=\"https:\/\/sesd-district-digest.org\/wp-content\/uploads\/2022\/09\/Resized_20220913_085053-169x300.jpeg 169w, https:\/\/sesd-district-digest.org\/wp-content\/uploads\/2022\/09\/Resized_20220913_085053-576x1024.jpeg 576w, https:\/\/sesd-district-digest.org\/wp-content\/uploads\/2022\/09\/Resized_20220913_085053-768x1365.jpeg 768w, https:\/\/sesd-district-digest.org\/wp-content\/uploads\/2022\/09\/Resized_20220913_085053-864x1536.jpeg 864w, https:\/\/sesd-district-digest.org\/wp-content\/uploads\/2022\/09\/Resized_20220913_085053-1152x2048.jpeg 1152w, https:\/\/sesd-district-digest.org\/wp-content\/uploads\/2022\/09\/Resized_20220913_085053.jpeg 1440w\" sizes=\"(max-width: 128px) 100vw, 128px\" \/><\/a><\/p>\n<p>&nbsp;<\/p>\n<p>&nbsp;<\/p>\n<p>Giovanni Bui es subdirector en Sunnyvale Middle School. Tiene m\u00e1s de 15 a\u00f1os de experiencia educativa. Recientemente fue el director de Broadway High School en San Jos\u00e9. Antes de eso, fue subdirector de la escuela John Muir Middle school y maestro de s\u00e9ptimo grado y director de actividades en Hoover Middle School, en San Jos\u00e9. Tiene una maestr\u00eda en Liderazgo Educativo y una credencial administrativa de San Jose State University.<\/p>\n<p>&nbsp;<\/p>\n<p>&nbsp;<\/p>\n<p>&nbsp;<\/p>\n<p><a href=\"https:\/\/sesd-district-digest.org\/wp-content\/uploads\/2022\/09\/Lara-Bruenin.jpg\"><img decoding=\"async\" class=\"alignleft wp-image-5588\" src=\"https:\/\/sesd-district-digest.org\/wp-content\/uploads\/2022\/09\/Lara-Bruenin-260x300.jpg\" alt=\"\" width=\"176\" height=\"203\" srcset=\"https:\/\/sesd-district-digest.org\/wp-content\/uploads\/2022\/09\/Lara-Bruenin-260x300.jpg 260w, https:\/\/sesd-district-digest.org\/wp-content\/uploads\/2022\/09\/Lara-Bruenin-888x1024.jpg 888w, https:\/\/sesd-district-digest.org\/wp-content\/uploads\/2022\/09\/Lara-Bruenin-768x886.jpg 768w, https:\/\/sesd-district-digest.org\/wp-content\/uploads\/2022\/09\/Lara-Bruenin-1332x1536.jpg 1332w, https:\/\/sesd-district-digest.org\/wp-content\/uploads\/2022\/09\/Lara-Bruenin-1776x2048.jpg 1776w, https:\/\/sesd-district-digest.org\/wp-content\/uploads\/2022\/09\/Lara-Bruenin.jpg 1800w\" sizes=\"(max-width: 176px) 100vw, 176px\" \/><\/a><\/p>\n<p>&nbsp;<\/p>\n<p>Lara Burenin se une a la comunidad de Ellis este a\u00f1o en el papel de subdirectora.\u00a0 Ella es una educadora de toda la vida, apasionada por apoyar a todos los estudiantes a prosperar. Ella obtuvo su credencial de ense\u00f1anza y maestr\u00eda en Artes en la Educaci\u00f3n Primaria a trav\u00e9s del Programa de Educaci\u00f3n de Maestros de Stanford, y su credencial de servicios administrativos y maestr\u00eda en Educaci\u00f3n en Liderazgo Instrucci\u00f3n a trav\u00e9s del Instituto Reach.\u00a0 Lleva 15 a\u00f1os en el mundo de la educaci\u00f3n como maestra de primaria, entrenadora y coordinadora de alfabetizaci\u00f3n y desarrocllo de la lengua inglesa, y directora de Curr\u00edculo e Instruci\u00f3n, sirviendo a las comunidades de Oakland y East Palo Alto.\u00a0 A lo largo de su carrera, ha aportado su pasi\u00f3n por la alfabetizaci\u00f3n, el desarrollo del lenguaje y la equidad educativa en cada uno de los puestos que ha ocupado.<\/p>\n<p>Lara es nativa del \u00e1rea de la bah\u00eda y vive en la pen\u00ednsula con su marido y sus dos hijos, Lucas y Liana. Le encanta montar en bicicleta, ir a la playa, acampar y disfrutar del aire libre.\u00a0 Est\u00e1 deseando conocer la comunidad de Ellis este a\u00f1o.<\/p>\n<p>&nbsp;<\/p>\n<p><a href=\"https:\/\/sesd-district-digest.org\/wp-content\/uploads\/2022\/09\/Gerson_Sa1-scaled.jpg\"><img loading=\"lazy\" decoding=\"async\" class=\"alignleft wp-image-5586\" src=\"https:\/\/sesd-district-digest.org\/wp-content\/uploads\/2022\/09\/Gerson_Sa1-200x300.jpg\" alt=\"\" width=\"147\" height=\"221\" srcset=\"https:\/\/sesd-district-digest.org\/wp-content\/uploads\/2022\/09\/Gerson_Sa1-200x300.jpg 200w, https:\/\/sesd-district-digest.org\/wp-content\/uploads\/2022\/09\/Gerson_Sa1-683x1024.jpg 683w, https:\/\/sesd-district-digest.org\/wp-content\/uploads\/2022\/09\/Gerson_Sa1-768x1152.jpg 768w, https:\/\/sesd-district-digest.org\/wp-content\/uploads\/2022\/09\/Gerson_Sa1-1024x1536.jpg 1024w, https:\/\/sesd-district-digest.org\/wp-content\/uploads\/2022\/09\/Gerson_Sa1-1365x2048.jpg 1365w, https:\/\/sesd-district-digest.org\/wp-content\/uploads\/2022\/09\/Gerson_Sa1-scaled.jpg 1707w\" sizes=\"(max-width: 147px) 100vw, 147px\" \/><\/a><\/p>\n<p>&nbsp;<\/p>\n<p>Gerson Sandoval est\u00e1 emocionado y agradecido de unirse a la familia de Lakewood como el nuevo subdirector. Su carrera educativa comenz\u00f3 hace once a\u00f1os. Se ha desempe\u00f1ado como maestro de ciencias, entrenador de instrucci\u00f3n, y subdirector. Su pasi\u00f3n por la ciencia, la tecnolog\u00eda y las matem\u00e1ticas, lo llev\u00f3 a seguir una maestr\u00eda en Educaci\u00f3n STEM.<\/p>\n<p>Est\u00e1 dispuesto a apoyar el clima y la cultura de Lakewood y el desarrollo profesional de los maestros. Su objetivo es asegurar que a cada ni\u00f1o se le d\u00e9 la oportunidad de aprender y crecer como un individuo completo. Es importante para \u00e9l que los padres se sientan bienvenidos y alentados a ser parte de la experiencia educativa de cada ni\u00f1o.<\/p>\n<p>Naci\u00f3 y creci\u00f3 en el \u00e1rea de la bah\u00eda, actualmente vive en Hayward con su esposa, Rosal\u00eda, y sus dos hijos, Gerson y Gianna. En su tiempo libre, le gusta viajar y disfrutar de la naturaleza, hacer asados, ver partidos deportivos y pasar tiempo con su familia.<\/p>\n<p>&nbsp;<\/p>\n<p>Por favor, ay\u00fadenos a dar la bienvenida a estos maravillosos administradores en sus nuevas funciones.<\/p>\n","protected":false},"excerpt":{"rendered":"<p>\u00a1El a\u00f1o escolar 2022-2023 trae un nuevo director y nuevos subdirectores a SMS, Lakewood, y Ellis! &nbsp; Este a\u00f1o damos la bienvenida a Vince Iwasaki como el nuevo director de Sunnyvale Middle School. Se une al distrito como un l\u00edder&#8230;<\/p>\n","protected":false},"author":4,"featured_media":5584,"comment_status":"open","ping_status":"open","sticky":false,"template":"","format":"standard","meta":{"footnotes":""},"categories":[33,35,38,46],"tags":[],"class_list":{"0":"post-5661","1":"post","2":"type-post","3":"status-publish","4":"format-standard","5":"has-post-thumbnail","7":"category-community-es","8":"category-ellis-school-es","9":"category-lakewood-school-es","10":"category-sunnyvale-middle-school-es"},"menu_order":0,"_links":{"self":[{"href":"https:\/\/sesd-district-digest.org\/es\/wp-json\/wp\/v2\/posts\/5661","targetHints":{"allow":["GET"]}}],"collection":[{"href":"https:\/\/sesd-district-digest.org\/es\/wp-json\/wp\/v2\/posts"}],"about":[{"href":"https:\/\/sesd-district-digest.org\/es\/wp-json\/wp\/v2\/types\/post"}],"author":[{"embeddable":true,"href":"https:\/\/sesd-district-digest.org\/es\/wp-json\/wp\/v2\/users\/4"}],"replies":[{"embeddable":true,"href":"https:\/\/sesd-district-digest.org\/es\/wp-json\/wp\/v2\/comments?post=5661"}],"version-history":[{"count":1,"href":"https:\/\/sesd-district-digest.org\/es\/wp-json\/wp\/v2\/posts\/5661\/revisions"}],"predecessor-version":[{"id":5662,"href":"https:\/\/sesd-district-digest.org\/es\/wp-json\/wp\/v2\/posts\/5661\/revisions\/5662"}],"wp:featuredmedia":[{"embeddable":true,"href":"https:\/\/sesd-district-digest.org\/es\/wp-json\/wp\/v2\/media\/5584"}],"wp:attachment":[{"href":"https:\/\/sesd-district-digest.org\/es\/wp-json\/wp\/v2\/media?parent=5661"}],"wp:term":[{"taxonomy":"category","embeddable":true,"href":"https:\/\/sesd-district-digest.org\/es\/wp-json\/wp\/v2\/categories?post=5661"},{"taxonomy":"post_tag","embeddable":true,"href":"https:\/\/sesd-district-digest.org\/es\/wp-json\/wp\/v2\/tags?post=5661"}],"curies":[{"name":"wp","href":"https:\/\/api.w.org\/{rel}","templated":true}]}}